{"id":4543,"date":"2019-11-11T06:32:06","date_gmt":"2019-11-11T05:32:06","guid":{"rendered":"https:\/\/www.ristrutturazionepratica.it\/?p=4543"},"modified":"2025-04-10T08:28:53","modified_gmt":"2025-04-10T08:28:53","slug":"vetrate-per-interni","status":"publish","type":"post","link":"https:\/\/hausme.it\/blog\/vetrate-per-interni\/","title":{"rendered":"Vetrate per interni: quello che devi realmente sapere prima di installarne una"},"content":{"rendered":"\n<p>Da alcuni anni si sta assistendo, nel design di interni, ad un utilizzo sempre pi\u00f9 frequente delle <strong>vetrate per interni<\/strong>.<\/p>\n\n\n\n<p>Sono una soluzione che a me piace molto, soprattutto nella ristrutturazione di appartamenti: consente di ampliare visivamente gli spazi, garantendo comunque una divisione tra gli stessi, e di rendere luminose stanze che altrimenti potrebbero essere buie. Per\u00f2 non \u00e8 tutto rose e fiori: per installare una vetrata per interni ci sono molti problemi da affrontare e risolvere di cui devi essere consapevole.<\/p>\n\n\n\n<p>Ho recentemente fatto montare una vetrata interna della lunghezza di circa 6 metri e ho avuto modo di capire ed affrontare molti problemi legati alla sua installazione. <\/p>\n\n\n\n<p>Dopo questa esperienza (per me la prima con queste dimensioni) posso affermare con una certa sicurezza che: <\/p>\n\n\n\n<ul class=\"wp-block-list\">\n<li>se vuoi una vetrata per interni in casa tua devi scendere a molti compromessi; <\/li>\n\n\n\n<li>i sistemi di fissaggio hanno costi importanti che devi considerare nel budget messo a disposizione; <\/li>\n\n\n\n<li>raramente tali sistemi di fissaggio vengono progettati nel modo corretto&#8230;<\/li>\n<\/ul>\n\n\n\n<p><strong>In questo articolo ti sveler\u00f2 molte cose sulle vetrate per interni che gli articoli che puoi trovare in rete non ti dicono<\/strong>: infatti sono tutti realizzati da produttori e rivenditori di vetrate, che ti devono far vedere quanto sono belli i loro prodotti. E i pochi non gestiti da loro, hanno il solo scopo di mostrati qualche bel progetto con le vetrate. <\/p>\n\n\n\n<p>Ma in nessuno viene affrontata la questione dal punto di vista tecnico. Tu non devi diventare un esperto, ma <strong>conoscere alcuni aspetti tecnici \u00e8 indispensabile per farti prendere decisioni consapevoli e valutare compiutamente i costi di installazione.<\/strong><\/p>\n\n\n\n<h2 class=\"wp-block-heading\">DOVE SI UTILIZZANO LE VETRATE PER INTERNI?<\/h2>\n\n\n\n<figure class=\"wp-block-image\"><img fetchpriority=\"high\" decoding=\"async\" width=\"800\" height=\"382\" src=\"https:\/\/hausme.it\/blog\/wp-content\/uploads\/2019\/10\/vetrate-per-interni-2.jpg\" alt=\"vetrate per interni: come usarle?\" class=\"wp-image-4565\" srcset=\"https:\/\/hausme.it\/blog\/wp-content\/uploads\/2019\/10\/vetrate-per-interni-2.jpg 800w, https:\/\/hausme.it\/blog\/wp-content\/uploads\/2019\/10\/vetrate-per-interni-2-300x143.jpg 300w, https:\/\/hausme.it\/blog\/wp-content\/uploads\/2019\/10\/vetrate-per-interni-2-768x367.jpg 768w\" sizes=\"(max-width: 800px) 100vw, 800px\" \/><\/figure>\n\n\n\n<p>Capisco che, dal titolo, questo paragrafo possa sembrare all&#8217;apparenza inutile ai fini di quanto vogliamo dire in questo articolo, per\u00f2 si tratta di un passaggio fondamentale.<\/p>\n\n\n\n<p>Infatti <strong>capendo quali sono i principali utilizzi delle vetrate per interni, possiamo anche capire quali sono i problemi correlati e quindi individuare le azioni necessarie per risolverli. <\/strong><\/p>\n\n\n\n<p>Quest&#8217;ultima \u00e8 la cosa che deve interessarti di pi\u00f9: risolvere i problemi legati alle vetrate per interni. Partiamo dall&#8217;inizio.<\/p>\n\n\n\n<p><strong>Quando parliamo di vetrate per interni possiamo distinguere tra porte vetrate e pareti vetrate. <\/strong><\/p>\n\n\n\n<p>Le prime dividono due ambienti come una normale porta ma permettono il passaggio di pi\u00f9 luce. <\/p>\n\n\n\n<p>Le seconde si sostituiscono alle pareti, si tratta solitamente di pi\u00f9 lastre di grandi dimensioni, spesso con integrati sistemi di apertura a battente o scorrevoli.<\/p>\n\n\n\n<p><strong>Gli aspetti positivi delle pareti vetrate per interni li abbiamo gi\u00e0 accennati: permettono di mantenere fisicamente separati gli ambienti, dando per\u00f2 la sensazione di un unico grande spazio.<\/strong> <strong>Questa cosa \u00e8 molto utile negli appartamenti, in particolare nelle zone giorno tra soggiorno e cucina, in cui uno spazio piccolo si moltiplica e allo stesso tempo si riesce a mantenere confinato il caos e gli odori che spesso regnano nelle cucine.<\/strong><\/p>\n\n\n\n<p>Personalmente sono sempre stato un sostenitore dei cosiddetti open-space, in cui tutte le funzioni della zona giorno sono concentrate in un unico grande spazio. Per\u00f2 questa predisposizione si \u00e8 sempre scontrata con alcune considerazioni di tipo pratico legate alla cucina: una cucina dentro il soggiorno costringe a una costante pulizia e la mancanza di separazione fa passare gli odori, che non sempre sono piacevoli.<\/p>\n\n\n\n<p>Installare una vetrata per interni che divide il soggiorno dalla cucina \u00e8 una valida risposta a queste problematiche perch\u00e9 consente grande versatilit\u00e0 degli spazi, dando la possibilit\u00e0 di confinare la cucina all&#8217;occorrenza.<\/p>\n\n\n\n<p>Nell&#8217;ultima parte dell&#8217;articolo ti far\u00f2 vedere un mio progetto in cui ho fatto installare la parete vetrata di cui ti ho gi\u00e0 fatto accenno nell&#8217;introduzione: 6 metri di lunghezza e 2,7 metri di altezza per un totale di 6 ante di cui 4 scorrevoli. Una bella bestia.<\/p>\n\n\n\n<p>Se le porte vetrate non presentano particolari problematiche (anche se non \u00e8 sempre vero&#8230;), <strong>le pareti vetrate interne hanno dei problemi che devono essere considerati in modo attento in fase di progetto. Infatti sono composte di lastre di grandi dimensioni, che possono avere problemi di rigidezza e che pesano molto.<\/strong><\/p>\n\n\n\n<p><strong>Quindi vanno fatte riflessioni in merito al tipo di lastra scelto in funzione del tipo di parete vetrata che verr\u00e0 installata, e riflessioni riguardo al sistema che dovr\u00e0 sostenere la parete vetrata.<\/strong><\/p>\n\n\n\n<p>Se in merito alla tipologia di vetro i produttori industriali di grandi dimensioni (come Saint-Gobain, il leader mondiale) e le aziende specializzate nella lavorazione del vetro (come <a href=\"https:\/\/www.vetromarca.com\/\">Vetromarca<\/a> ad esempio), hanno un controllo preciso e puntuale per quanto riguarda la tipologia e sicurezza delle lastre, lo stesso potrebbe non dirsi per i piccoli artigiani con in quali ho personalmente pi\u00f9 volte dovuto scontrarmi.<\/p>\n\n\n\n<p>In merito ai sistemi di supporto, invece, in molti casi si tratta di studiare delle soluzioni apposite che possano supportare i carichi dei vetri e degli eventuali telai in cui sono inseriti. E questo \u00e8 un aspetto che deve essere considerato e previsto attentamente dal tuo progettista prima di installare la vetrata. In pratica, come per gli infissi viene prima installato un controtelaio nascosto nella muratura, anche per le pareti vetrate per interni deve essere fatta una cosa simile&#8230;solo che potrebbe essere molto pi\u00f9 impegnativo di quello che credi. <\/p>\n\n\n\n<p><strong>Per chiarirti le idee su questi due aspetti nei prossimi due paragrafi approfondiremo i seguenti argomenti: <\/strong><\/p>\n\n\n\n<ul class=\"wp-block-list\">\n<li> <strong>Le tipologie di vetro adatte per legge per le vetrate da interni e le finiture possibili<\/strong><\/li>\n\n\n\n<li><strong>I sistemi di sostegno ed ancoraggio delle vetrate<\/strong><\/li>\n<\/ul>\n\n\n\n<h2 class=\"wp-block-heading\">IL VETRO: L&#8217;ELEMENTO PRINCIPALE DELLE VETRATE PER INTERNI<\/h2>\n\n\n\n<figure class=\"wp-block-image\"><img decoding=\"async\" width=\"800\" height=\"404\" src=\"https:\/\/hausme.it\/blog\/wp-content\/uploads\/2019\/10\/vetrate-per-interni-vetro.jpg\" alt=\"vetrate per interni: il vetro\" class=\"wp-image-4566\" srcset=\"https:\/\/hausme.it\/blog\/wp-content\/uploads\/2019\/10\/vetrate-per-interni-vetro.jpg 800w, https:\/\/hausme.it\/blog\/wp-content\/uploads\/2019\/10\/vetrate-per-interni-vetro-300x152.jpg 300w, https:\/\/hausme.it\/blog\/wp-content\/uploads\/2019\/10\/vetrate-per-interni-vetro-768x388.jpg 768w\" sizes=\"(max-width: 800px) 100vw, 800px\" \/><\/figure>\n\n\n\n<p>Naturalmente il vetro \u00e8 l&#8217;elemento principale di questo sistema. Le lastre possono essere inserite all&#8217;interno di telai, solitamente di alluminio, oppure totalmente libere, cio\u00e8 vedi solo vetro. In questo secondo caso chiamate <em>&#8220;a filo lucido&#8221;<\/em>.<\/p>\n\n\n\n<p>Il filo lucido \u00e8 una lavorazione che viene fatta dopo il taglio delle lastre per fare in modo che il bordo della lastra sia appunto lucido. Infatti l&#8217;operazione di taglio lascia un bordo tagliente, irregolare e scuro. Siccome nelle le vetrate senza telai puoi entrare in contatto anche con il bordo del vetro, allora, tramite delle mole, questi vengono resi regolari, non taglienti e lucidati, cos\u00ec da prendere lo stesso colore della lastra.<\/p>\n\n\n\n<p><strong>Sia che tu acquisti una vetrata con telaio che a filo lucido, il vetro deve rispondere a delle precise caratteristiche normate. La norma di riferimento \u00e8 la UNI 7697<\/strong> (l&#8217;ultima versione in vigore \u00e8 quella del 2015) che prescrive delle caratteristiche a cui devono rispondere anche le vetrate interne che dividono due ambienti.<\/p>\n\n\n\n<p>I vetri che \u00e8 possibile commercializzare e installare nel settore dell&#8217;edilizia, sia da esterni che da interni, ormai possono essere solo di due tipologie: stratificati o temprati. Ne abbiamo gi\u00e0 parlato in modo abbastanza approfondito nel <a rel=\"noreferrer noopener\" aria-label=\"terzo articolo dedicato alla sostituzione degli infissi (apre in una nuova scheda)\" href=\"https:\/\/hausme.it\/blog\/sostituzione-degli-infissi-parte-3\/\" target=\"_blank\">terzo articolo dedicato alla sostituzione degli infissi<\/a>. <\/p>\n\n\n\n<p>Vediamo cosa sono queste due tipologie di vetri con un estratto da quell&#8217;articolo. Per approfondimenti vai al link che ti ho messo qui sopra.<\/p>\n\n\n\n<blockquote class=\"wp-block-quote is-layout-flow wp-block-quote-is-layout-flow\">\n<p><em>I <\/em><strong><em>vetri stratificati <\/em><\/strong><em>sono composti da <\/em><strong><em>due lastre accoppiate tra loro<\/em><\/strong><em>.\u00a0 Per fare in modo che i vetri rimangano uniti vi viene interposta una sottile <\/em><strong><em>pellicola di PVB<\/em><\/strong><em>  (polivinilbutirrale) assolutamente trasparente. Tale pellicola viene  prodotta in vari spessori ma quelli pi\u00f9 diffusi in ambito residenziale  sono due: 0,38mm e 0,76mm.<\/em><\/p>\n\n\n\n<p><em>Questa pellicola svolge anche un altro ruolo importante: rende i vetri stratificati<\/em><strong><em> \u201cdi sicurezza\u201d<\/em><\/strong><em>.  Infatti, grazie alle sue notevoli propriet\u00e0 adesive, fa in modo che un  vetro che si rompe a causa di un urto non cada a terra in mille pezzi ma  rimanga \u201cappiccicato\u201d nella posizione originaria. Questa \u00e8 una  caratteristica richiesta dalle leggi sia per l\u2019interno che per  l\u2019esterno: per l\u2019interno al fine di evitare che gli utenti vengano  colpiti da schegge di vetro, per l\u2019esterno al fine di evitare che il  vetro cada costituendo pericolo per le persone.<\/em><\/p>\n<cite>Tratto da https:\/\/hausme.it\/blog\/sostituzione-degli-infissi-parte-3\/<\/cite><\/blockquote>\n\n\n\n<p>Riconosci che si sta parlando di un vetro stratificato quando \u00e8 descritto in questo modo: 33.1, 33.2, 44.1, etc.; in cui il primo numero caratterizza lo spessore delle due lastre di vetro (ad esempio 3mm + 3mm) e il numero dopo il punto lo spessore della pellicola (1 sta per pellicola di 0,38mm). <\/p>\n\n\n\n<blockquote class=\"wp-block-quote is-layout-flow wp-block-quote-is-layout-flow\">\n<p><strong><em>I vetri temprati<\/em><\/strong><em> invece sono costituiti da lastre che hanno subito un <\/em><strong><em>particolare trattamento<\/em><\/strong><em> che ne ha aumentato in modo significativo la <\/em><strong><em>resistenza<\/em><\/strong><em>  agli urti e soprattutto che, nel caso in cui si rompano, si frantumano  in pezzi molto piccoli che non sono pericolosi per le persone che vi ci  si trovano vicine.<\/em><\/p>\n\n\n\n<p><em>Il processo di  tempratura consiste nello scaldare ad una temperatura di circa 700\u00b0 una  lastra di vetro e poi raffreddarla rapidamente per fare in modo che,  grazie alla contrazione dovuta a questa variazione di temperatura, si  formino all\u2019interno della lastra delle tensioni che la rendono pi\u00f9  rigida.<\/em><\/p>\n\n\n\n<p><em>I vetri temprati non possono  essere usati verso l\u2019esterno perch\u00e9, a differenza degli stratificati,  non rispondono alle esigenze di anticaduta, invece possono essere usati  all\u2019interno in quanto considerati di sicurezza.<\/em><\/p>\n<cite>Tratto da https:\/\/hausme.it\/blog\/sostituzione-degli-infissi-parte-3\/<\/cite><\/blockquote>\n\n\n\n<p><strong>Le lastre normali, dette di tipo float, non possono essere utilizzate per installazioni n\u00e9 interne n\u00e9 esterne.<\/strong><\/p>\n\n\n\n<p>Per\u00f2 c&#8217;\u00e8 da fare un ulteriore passo: infatti <strong>sia i vetri stratificati che i vetri temprati hanno una classificazione in merito alla sicurezza che devono garantire. <\/strong>Anche questa \u00e8 normata dalla UNI 7697, che ci dice anche quale sia la sicurezza minima per l&#8217;installazione in vetrate per interni.<\/p>\n\n\n\n<p>Le vetrate per interni senza pericolo di caduta nel vuoto (quelle classiche che dividono due stanze), possono essere:<\/p>\n\n\n\n<ul class=\"wp-block-list\">\n<li><strong> 2B2 per vetri stratificati;<\/strong><\/li>\n\n\n\n<li><strong>1C3 per vetri temprati.<\/strong><\/li>\n<\/ul>\n\n\n\n<p><strong>Se c&#8217;\u00e8 pericolo di caduta nel vuoto (pensa ad una vetrata che delimita una scala) il vetro pu\u00f2 essere solo stratificato e deve essere di tipo 1B1.<\/strong><\/p>\n\n\n\n<p>Ma cosa significano questi codici?<\/p>\n\n\n\n<p>Dobbiamo fare riferimento alla norma UNI EN 12600, il cui titolo \u00e8  <em>&#8220;Vetro per edilizia &#8211; Prova del pendolo &#8211;  Metodo della prova di impatto e classificazione per il vetro piano &#8220;<\/em>. In sostanza definisce le prove da fare sulle vetrate, come farle e la conseguente classificazione.<\/p>\n\n\n\n<p>La prova consiste nel far cadere un impattatore di 50kg sulla lastra da diverse altezze. In base alla risposta della lastra si fa la classificazione.<\/p>\n\n\n\n<ul class=\"wp-block-list\">\n<li>1B1 (stratificato) la lastra deve resistere presentando fessurazioni con frammenti uniti in seguito alla caduta dell&#8217;impattatore da un&#8217;altezza di 1,2m;<\/li>\n\n\n\n<li>2B2 (stratificato)  la lastra deve resistere presentando fessurazioni con frammenti uniti in seguito alla caduta dell&#8217;impattatore da un&#8217;altezza di 45cm;<\/li>\n\n\n\n<li>1C3 (temprato) la lastra si disintegra in piccole particelle in seguito alla caduta dell&#8217;impattatore da un&#8217;altezza di 19cm.<\/li>\n<\/ul>\n\n\n\n<p>Spero di averti dato informazioni utili in merito alla tipologia di lastra che verr\u00e0 utilizzata nella tua vetrata interna. Solitamente i produttori di vetrate per interni grandi e medi rispettano senza problemi queste caratteristiche. Sono invece i piccoli artigiani che possono essere meno attenti a questi aspetti.<\/p>\n\n\n\n<p>Vediamo l&#8217;altro elemento fondamentale nella realizzazione di una vetrata da interni: il sistema di ancoraggio.<\/p>\n\n\n\n<h2 class=\"wp-block-heading\">I SISTEMI DI SOSTEGNO ED ANCORAGGIO DELLE VETRATE<\/h2>\n\n\n\n<figure class=\"wp-block-image\"><img decoding=\"async\" width=\"800\" height=\"385\" src=\"https:\/\/hausme.it\/blog\/wp-content\/uploads\/2019\/10\/vetrate-per-interni-i-binari.jpg\" alt=\"vetrate per interni: i binari\" class=\"wp-image-4567\" srcset=\"https:\/\/hausme.it\/blog\/wp-content\/uploads\/2019\/10\/vetrate-per-interni-i-binari.jpg 800w, https:\/\/hausme.it\/blog\/wp-content\/uploads\/2019\/10\/vetrate-per-interni-i-binari-300x144.jpg 300w, https:\/\/hausme.it\/blog\/wp-content\/uploads\/2019\/10\/vetrate-per-interni-i-binari-768x370.jpg 768w\" sizes=\"(max-width: 800px) 100vw, 800px\" \/><\/figure>\n\n\n\n<p>Questo \u00e8 un aspetto importante da affrontare e che troppo spesso non viene valutato correttamente.<\/p>\n\n\n\n<p><strong>Le vetrate di grandi dimensioni sono elementi pesanti e sottili che, a differenza delle pareti in laterizio e mattoni, non possono contare sulla gravit\u00e0 (cio\u00e8 sul loro peso) per garantirne la stabilit\u00e0, ma devono obbligatoriamente avere un sistema di aggancio superiore efficace<\/strong>, che si faccia carico di buona parte dei pesi e che impedisca il ribaltamento. E tali sistemi di aggancio devono ancorarsi alle strutture del tuo immobile, che nella parte superiore sono travi e solai. <\/p>\n\n\n\n<p>Le <strong>pareti vetrate per interni <\/strong>da industria (cio\u00e8 quelle che puoi trovare ad esempio nei negozi di arredamento o di infissi) sono sempre composte, oltre che dal vetro, da telai o binari che consentono il necessario ancoraggio alle strutture della casa. <\/p>\n\n\n\n<p>Su quello puoi stare tranquillo, <strong>il vero problema \u00e8 che capita spesso che non sia possibile agganciare i telai della parete vetrata alle strutture portanti dell&#8217;immobile, <\/strong>e quindi diventa necessario prevedere delle strutture aggiuntive per garantire l&#8217;ancoraggio in sicurezza delle vetrate. <\/p>\n\n\n\n<p>Provo a spiegarmi meglio perch\u00e9 capisco che non sia un concetto immediato da comprendere se non sei del settore.<\/p>\n\n\n\n<p>Nel caso di una vetrata a tutta altezza, quindi che va dal pavimento al soffitto, i sistemi di aggancio forniti dai produttori sono sufficienti: infatti, per garantire la stabilit\u00e0, basta fissare i profili che ti vengono forniti al solaio superiore e il gioco \u00e8 fatto.<\/p>\n\n\n\n<p>Per\u00f2 nella realt\u00e0 dei fatti sono molto frequenti situazioni in cui tale soluzione non \u00e8 possibile. Ad esempio:<\/p>\n\n\n\n<ul class=\"wp-block-list\">\n<li><strong>La vetrata non \u00e8 a tutta altezza;<\/strong><\/li>\n\n\n\n<li><strong>La vetrata si trova in un ambiente controsoffittato;<\/strong><\/li>\n<\/ul>\n\n\n\n<p><strong>In questi casi \u00e8 necessario prevedere una seconda struttura, realizzata appositamente e collegata con le strutture portanti dell&#8217;edificio, a cui agganciare la parete vetrata per interni.<\/strong><\/p>\n\n\n\n<p>Queste strutture aggiuntive solitamente <strong>vengono realizzate con delle travi di acciaio o di legno (dipende dai carichi in gioco) che vengono semplicemente appese al solaio superiore.<\/strong><\/p>\n\n\n\n<p>Personalmente ritengo che sia sempre il metodo migliore per risolvere il problema: infatti <strong>questa soluzione potrebbe creare non pochi problemi strutturali proprio al solaio superiore a cui \u00e8 agganciata la parete vetrata interna.<\/strong><\/p>\n\n\n\n<p>Se il carico che devono reggere \u00e8 quello una vetrata fissa o di una vetrata con classiche porte a battente (anche se di vetro) che appoggiano a terra, e che quindi scaricano una buona parte del loro peso proprio a terra, allora possono essere soluzioni valide. Ma s<strong>e si tratta di vetrate scorrevoli, che sono completamente appese e che quindi gravano solo sul solaio superiore, tale soluzione potrebbe generare carichi eccessivi, dando origine a possibili problemi strutturali.<\/strong> <\/p>\n\n\n\n<p>Considera infatti che una lastra di vetro larga 1m e alta 2,5m pesa circa 70kg. A questo peso devi aggiungere quello della struttura che hai fatto realizzare per reggerla e anche tutto il carico che l&#8217;inquilino del piano superiore ha messo (e che tu non conosci).  \u00c8 proprio il tuo carico che potrebbe essere di troppo.<\/p>\n\n\n\n<p><strong>Non dico che il solaio ti cadr\u00e0 in testa, per\u00f2 nel tempo potrebbe curvarsi portando a:<\/strong><\/p>\n\n\n\n<ul class=\"wp-block-list\">\n<li><strong>Problemi alla vetrata che viene &#8220;schiacciata&#8221; verso il pavimento;<\/strong><\/li>\n\n\n\n<li><strong>Problemi agli intonaci superiori che potrebbero cominciare a staccarsi;<\/strong><\/li>\n\n\n\n<li><strong>Problemi al pavimento del piano di sopra che potrebbe cominciare a sollevarsi;<\/strong><\/li>\n\n\n\n<li><strong>In casi estremi il solaio potrebbe cedere.<\/strong><\/li>\n<\/ul>\n\n\n\n<p>Come fare per installare comunque una vetrata scorrevole ed evitare tutti questi problemi? <strong>Creando una struttura che distribuisce il peso dei carichi sia sul solaio superiore che sul solaio su cui poggi i piedi (il pavimento di casa tua per intenderci).<\/strong><\/p>\n\n\n\n<p>Per farti capire meglio il concetto ti faccio vedere la soluzione che abbiamo studiato insieme al mio ingegnere strutturista per la vetrata di 6m di larghezza, di cui ti sto parlando dall&#8217;inizio dell&#8217;articolo.<\/p>\n\n\n\n<h2 class=\"wp-block-heading\">UNA PARETE VETRATA DI 6 METRI TOTALMENTE APPESA<\/h2>\n\n\n\n<figure class=\"wp-block-image\"><img loading=\"lazy\" decoding=\"async\" width=\"800\" height=\"392\" src=\"https:\/\/hausme.it\/blog\/wp-content\/uploads\/2019\/10\/vetrate-per-interni-6-metri.jpg\" alt=\"vetrate per interni: una parete lunga 6 metri\" class=\"wp-image-4568\" srcset=\"https:\/\/hausme.it\/blog\/wp-content\/uploads\/2019\/10\/vetrate-per-interni-6-metri.jpg 800w, https:\/\/hausme.it\/blog\/wp-content\/uploads\/2019\/10\/vetrate-per-interni-6-metri-300x147.jpg 300w, https:\/\/hausme.it\/blog\/wp-content\/uploads\/2019\/10\/vetrate-per-interni-6-metri-768x376.jpg 768w\" sizes=\"(max-width: 800px) 100vw, 800px\" \/><\/figure>\n\n\n\n<p>In una ristrutturazione, con i proprietari abbiamo deciso di realizzare una cucina totalmente aperta sul salone. Per\u00f2 c&#8217;era anche la necessit\u00e0 di poter dividere, all&#8217;occorrenza, la cucina dal salone . Abbiamo gi\u00e0 parlato all&#8217;inizio dell&#8217;articolo del motivo per cui questa cosa \u00e8 importante.<\/p>\n\n\n\n<p>In questo caso il fronte tra cucina e salone era di 6 metri e la soluzione per raggiungere il nostro obiettivo \u00e8 stata proprio installare una parete vetrata da interni a tutta altezza.<\/p>\n\n\n\n<p>L&#8217;altezza netta della casa era di 3 metri per\u00f2, per motivi tecnici, \u00e8 stato necessario controsoffittare tutta la cucina, portandola ad un&#8217;altezza netta di 2,7m. Quindi la vetrata non avrebbe potuto essere agganciata direttamente al solaio superiore.<\/p>\n\n\n\n<p>Vista la notevole larghezza ho optato per 6 lastre larghe 1m l&#8217;una, di cui due fisse ai lati e quattro scorrevoli che, da aperte, si andavano ad impacchettare sulle fisse. <\/p>\n\n\n\n<p>La situazione critica a cui rispondere era che, quando totalmente aperta, ai due lati <strong>sarebbero state presenti 3 lastre di notevoli dimensioni appese al binario superiore  del sistema scorrevole: circa 250kg di solo vetro tutti concentrati in 1 m. <\/strong>Un carico decisamente importante e che, sebbene accettabile per la struttura in oggetto, non mi lasciava tranquillo.<\/p>\n\n\n\n<p>Mi \u00e8 stato subito chiaro che, vista la situazione specifica, fosse necessaria una struttura per sostenere la vetrata e che tale struttura non potesse essere solo agganciata al solaio superiore ma dovesse anche scaricare i pesi a terra. Inoltre tale struttura doveva essere sufficientemente rigida e leggera.<\/p>\n\n\n\n<p>La soluzione \u00e8 stata quella che vedi qui sotto: <strong>creare un portale in acciaio composta da due montanti laterali collegati al solaio inferiormente e superiormente, una trave sempre in acciaio saldata ai montanti e con tre agganci centrali al solaio superiore.<\/strong> Questi tre agganci hanno svolto un duplice ruolo: prendere parte dei carichi della parete vetrata per trasferirli al solaio superiore e impedire la flessione della trave di acciaio a causa del peso e movimento del vetro.<\/p>\n\n\n\n<figure class=\"wp-block-image\"><img loading=\"lazy\" decoding=\"async\" width=\"800\" height=\"443\" src=\"https:\/\/hausme.it\/blog\/wp-content\/uploads\/2019\/10\/Vetrate-per-interni-struttura-di-sostegno.jpg\" alt=\"vetrate per interni la struttura di sostegno\" class=\"wp-image-4569\" srcset=\"https:\/\/hausme.it\/blog\/wp-content\/uploads\/2019\/10\/Vetrate-per-interni-struttura-di-sostegno.jpg 800w, https:\/\/hausme.it\/blog\/wp-content\/uploads\/2019\/10\/Vetrate-per-interni-struttura-di-sostegno-300x166.jpg 300w, https:\/\/hausme.it\/blog\/wp-content\/uploads\/2019\/10\/Vetrate-per-interni-struttura-di-sostegno-768x425.jpg 768w\" sizes=\"(max-width: 800px) 100vw, 800px\" \/><\/figure>\n\n\n\n<p>Il risultato di questa soluzione \u00e8 stato scaricare gran parte dei carichi sul solaio. Tra l&#8217;altro la posizione dei montanti \u00e8 stata individuata vicino a dei pilastri in calcestruzzo esistenti e sopra delle travi, per trovare dei punti maggiormente resistenti.<\/p>\n\n\n\n<p>Qui sotto puoi vedere il risultato della vetrata installata:<\/p>\n\n\n\n<p>La vetrata ha avuto un costo notevole, ma anche il portale che ho fatto installare non \u00e8 costato poco (naturalmente molto meno della vetrata&#8230;).<\/p>\n\n\n\n<p>Tutto \u00e8 stato studiato al centimetro per ottenere un effetto scenico che lascia stupite tutte le persone che entrano in quella casa. Per\u00f2 \u00e8 stato necessario progettare e predisporre tutto prima di installare la vetrata. E se non fosse stato fatto sarebbero stati dolori.<\/p>\n\n\n\n<p>Se vuoi una vetrata per interni in casa tua, metti in conto tutto quello che hai potuto leggere in questo articolo e tieni conto anche dei costi aggiuntivi che dovrai sostenere oltre a quello della vetrata in s\u00e9. <\/p>\n","protected":false},"excerpt":{"rendered":"<p>Da alcuni anni si sta assistendo, nel design di interni, ad un utilizzo sempre pi\u00f9 frequente delle vetrate per interni. Sono una soluzione che a me piace molto, soprattutto nella ristrutturazione di appartamenti: consente di ampliare visivamente gli spazi, garantendo comunque una divisione tra gli stessi, e di rendere luminose stanze che altrimenti potrebbero essere buie. Per\u00f2 non \u00e8 tutto rose e fiori: per installare una vetrata per interni ci sono molti problemi da affrontare e risolvere di cui devi essere consapevole. Ho recentemente fatto montare una vetrata interna della lunghezza di circa 6 metri e ho avuto modo di capire ed affrontare molti problemi legati alla sua installazione. Dopo questa esperienza (per me la prima con queste dimensioni) posso affermare con una certa sicurezza che: In questo articolo ti sveler\u00f2 molte cose sulle vetrate per interni che gli articoli che puoi trovare in rete non ti dicono: infatti sono tutti realizzati da produttori e rivenditori di vetrate, che ti devono far vedere quanto sono belli i loro prodotti. E i pochi non gestiti da loro, hanno il solo scopo di mostrati qualche bel progetto con le vetrate. Ma in nessuno viene affrontata la questione dal punto di vista tecnico. Tu non devi diventare un esperto, ma conoscere alcuni aspetti tecnici \u00e8 indispensabile per farti prendere decisioni consapevoli e valutare compiutamente i costi di installazione. DOVE SI UTILIZZANO LE VETRATE PER INTERNI? Capisco che, dal titolo, questo paragrafo possa sembrare all&#8217;apparenza inutile ai fini di quanto vogliamo dire in questo articolo, per\u00f2 si tratta di un passaggio fondamentale. Infatti capendo quali sono i principali utilizzi delle vetrate per interni, possiamo anche capire quali sono i problemi correlati e quindi individuare le azioni necessarie per risolverli. Quest&#8217;ultima \u00e8 la cosa che deve interessarti di pi\u00f9: risolvere i problemi legati alle vetrate per interni. Partiamo dall&#8217;inizio. Quando parliamo di vetrate per interni possiamo distinguere tra porte vetrate e pareti vetrate. Le prime dividono due ambienti come una normale porta ma permettono il passaggio di pi\u00f9 luce. Le seconde si sostituiscono alle pareti, si tratta solitamente di pi\u00f9 lastre di grandi dimensioni, spesso con integrati sistemi di apertura a battente o scorrevoli. Gli aspetti positivi delle pareti vetrate per interni li abbiamo gi\u00e0 accennati: permettono di mantenere fisicamente separati gli ambienti, dando per\u00f2 la sensazione di un unico grande spazio. Questa cosa \u00e8 molto utile negli appartamenti, in particolare nelle zone giorno tra soggiorno e cucina, in cui uno spazio piccolo si moltiplica e allo stesso tempo si riesce a mantenere confinato il caos e gli odori che spesso regnano nelle cucine. Personalmente sono sempre stato un sostenitore dei cosiddetti open-space, in cui tutte le funzioni della zona giorno sono concentrate in un unico grande spazio. Per\u00f2 questa predisposizione si \u00e8 sempre scontrata con alcune considerazioni di tipo pratico legate alla cucina: una cucina dentro il soggiorno costringe a una costante pulizia e la mancanza di separazione fa passare gli odori, che non sempre sono piacevoli. Installare una vetrata per interni che divide il soggiorno dalla cucina \u00e8 una valida risposta a queste problematiche perch\u00e9 consente grande versatilit\u00e0 degli spazi, dando la possibilit\u00e0 di confinare la cucina all&#8217;occorrenza. Nell&#8217;ultima parte dell&#8217;articolo ti far\u00f2 vedere un mio progetto in cui ho fatto installare la parete vetrata di cui ti ho gi\u00e0 fatto accenno nell&#8217;introduzione: 6 metri di lunghezza e 2,7 metri di altezza per un totale di 6 ante di cui 4 scorrevoli. Una bella bestia. Se le porte vetrate non presentano particolari problematiche (anche se non \u00e8 sempre vero&#8230;), le pareti vetrate interne hanno dei problemi che devono essere considerati in modo attento in fase di progetto. Infatti sono composte di lastre di grandi dimensioni, che possono avere problemi di rigidezza e che pesano molto. Quindi vanno fatte riflessioni in merito al tipo di lastra scelto in funzione del tipo di parete vetrata che verr\u00e0 installata, e riflessioni riguardo al sistema che dovr\u00e0 sostenere la parete vetrata. Se in merito alla tipologia di vetro i produttori industriali di grandi dimensioni (come Saint-Gobain, il leader mondiale) e le aziende specializzate nella lavorazione del vetro (come Vetromarca ad esempio), hanno un controllo preciso e puntuale per quanto riguarda la tipologia e sicurezza delle lastre, lo stesso potrebbe non dirsi per i piccoli artigiani con in quali ho personalmente pi\u00f9 volte dovuto scontrarmi. In merito ai sistemi di supporto, invece, in molti casi si tratta di studiare delle soluzioni apposite che possano supportare i carichi dei vetri e degli eventuali telai in cui sono inseriti. E questo \u00e8 un aspetto che deve essere considerato e previsto attentamente dal tuo progettista prima di installare la vetrata. In pratica, come per gli infissi viene prima installato un controtelaio nascosto nella muratura, anche per le pareti vetrate per interni deve essere fatta una cosa simile&#8230;solo che potrebbe essere molto pi\u00f9 impegnativo di quello che credi. Per chiarirti le idee su questi due aspetti nei prossimi due paragrafi approfondiremo i seguenti argomenti: IL VETRO: L&#8217;ELEMENTO PRINCIPALE DELLE VETRATE PER INTERNI Naturalmente il vetro \u00e8 l&#8217;elemento principale di questo sistema. Le lastre possono essere inserite all&#8217;interno di telai, solitamente di alluminio, oppure totalmente libere, cio\u00e8 vedi solo vetro. In questo secondo caso chiamate &#8220;a filo lucido&#8221;. Il filo lucido \u00e8 una lavorazione che viene fatta dopo il taglio delle lastre per fare in modo che il bordo della lastra sia appunto lucido. Infatti l&#8217;operazione di taglio lascia un bordo tagliente, irregolare e scuro. Siccome nelle le vetrate senza telai puoi entrare in contatto anche con il bordo del vetro, allora, tramite delle mole, questi vengono resi regolari, non taglienti e lucidati, cos\u00ec da prendere lo stesso colore della lastra. Sia che tu acquisti una vetrata con telaio che a filo lucido, il vetro deve rispondere a delle precise caratteristiche normate. La norma di riferimento \u00e8 la UNI 7697 (l&#8217;ultima versione in vigore \u00e8 quella del 2015) che prescrive delle caratteristiche a cui devono rispondere anche le vetrate interne che dividono due ambienti. I vetri che \u00e8 possibile commercializzare e installare<\/p>\n","protected":false},"author":2,"featured_media":4564,"comment_status":"open","ping_status":"open","sticky":false,"template":"","format":"standard","meta":{"footnotes":""},"categories":[88,12],"tags":[318,319,320,321,322,323],"class_list":["post-4543","post","type-post","status-publish","format-standard","has-post-thumbnail","hentry","category-materiali-e-finiture","category-prima","tag-vetrate","tag-vetrate-per-interni","tag-vetri","tag-vetri-di-sicurezza","tag-vetri-stratificati","tag-vetri-temprati"],"yoast_head":"<!-- This site is optimized with the Yoast SEO plugin v26.5 - https:\/\/yoast.com\/wordpress\/plugins\/seo\/ -->\n<title>Vetrate per interni: quello che c&#039;\u00e8 dietro la superficie e perch\u00e8 devi conoscerlo<\/title>\n<meta name=\"description\" content=\"Le vetrate per interni sono bellissime. Ma prima di andare da un rivenditore per installarne una nella tua ristrutturazione devi conoscere alcuni aspetti che NON sono secondari.\" \/>\n<meta name=\"robots\" content=\"index, follow, max-snippet:-1, max-image-preview:large, max-video-preview:-1\" \/>\n<link rel=\"canonical\" href=\"https:\/\/hausme.it\/blog\/vetrate-per-interni\/\" \/>\n<meta property=\"og:locale\" content=\"en_US\" \/>\n<meta property=\"og:type\" content=\"article\" \/>\n<meta property=\"og:title\" content=\"Vetrate per interni: quello che c&#039;\u00e8 dietro la superficie e perch\u00e8 devi conoscerlo\" \/>\n<meta property=\"og:description\" content=\"Le vetrate per interni sono bellissime. Ma prima di andare da un rivenditore per installarne una nella tua ristrutturazione devi conoscere alcuni aspetti che NON sono secondari.\" \/>\n<meta property=\"og:url\" content=\"https:\/\/hausme.it\/blog\/vetrate-per-interni\/\" \/>\n<meta property=\"og:site_name\" content=\"Hausme Blog\" \/>\n<meta property=\"article:published_time\" content=\"2019-11-11T05:32:06+00:00\" \/>\n<meta property=\"article:modified_time\" content=\"2025-04-10T08:28:53+00:00\" \/>\n<meta property=\"og:image\" content=\"https:\/\/hausme.it\/blog\/wp-content\/uploads\/2019\/10\/Vetrate-per-interni.jpg\" \/>\n\t<meta property=\"og:image:width\" content=\"800\" \/>\n\t<meta property=\"og:image:height\" content=\"423\" \/>\n\t<meta property=\"og:image:type\" content=\"image\/jpeg\" \/>\n<meta name=\"author\" content=\"Alessandro Mezzina\" \/>\n<meta name=\"twitter:card\" content=\"summary_large_image\" \/>\n<meta name=\"twitter:label1\" content=\"Written by\" \/>\n\t<meta name=\"twitter:data1\" content=\"Alessandro Mezzina\" \/>\n\t<meta name=\"twitter:label2\" content=\"Est. reading time\" \/>\n\t<meta name=\"twitter:data2\" content=\"13 minutes\" \/>\n<script type=\"application\/ld+json\" class=\"yoast-schema-graph\">{\"@context\":\"https:\/\/schema.org\",\"@graph\":[{\"@type\":\"Article\",\"@id\":\"https:\/\/hausme.it\/blog\/vetrate-per-interni\/#article\",\"isPartOf\":{\"@id\":\"https:\/\/hausme.it\/blog\/vetrate-per-interni\/\"},\"author\":{\"name\":\"Alessandro Mezzina\",\"@id\":\"https:\/\/hausme.it\/blog\/#\/schema\/person\/a468c80e5fe7773e6e68d93eb08b5e2d\"},\"headline\":\"Vetrate per interni: quello che devi realmente sapere prima di installarne una\",\"datePublished\":\"2019-11-11T05:32:06+00:00\",\"dateModified\":\"2025-04-10T08:28:53+00:00\",\"mainEntityOfPage\":{\"@id\":\"https:\/\/hausme.it\/blog\/vetrate-per-interni\/\"},\"wordCount\":2880,\"commentCount\":0,\"publisher\":{\"@id\":\"https:\/\/hausme.it\/blog\/#organization\"},\"image\":{\"@id\":\"https:\/\/hausme.it\/blog\/vetrate-per-interni\/#primaryimage\"},\"thumbnailUrl\":\"https:\/\/hausme.it\/blog\/wp-content\/uploads\/2019\/10\/Vetrate-per-interni.jpg\",\"keywords\":[\"vetrate\",\"vetrate per interni\",\"vetri\",\"vetri di sicurezza\",\"vetri stratificati\",\"vetri temprati\"],\"articleSection\":[\"Materiali e Finiture\",\"Prima dei lavori\"],\"inLanguage\":\"en-US\",\"potentialAction\":[{\"@type\":\"CommentAction\",\"name\":\"Comment\",\"target\":[\"https:\/\/hausme.it\/blog\/vetrate-per-interni\/#respond\"]}]},{\"@type\":\"WebPage\",\"@id\":\"https:\/\/hausme.it\/blog\/vetrate-per-interni\/\",\"url\":\"https:\/\/hausme.it\/blog\/vetrate-per-interni\/\",\"name\":\"Vetrate per interni: quello che c'\u00e8 dietro la superficie e perch\u00e8 devi conoscerlo\",\"isPartOf\":{\"@id\":\"https:\/\/hausme.it\/blog\/#website\"},\"primaryImageOfPage\":{\"@id\":\"https:\/\/hausme.it\/blog\/vetrate-per-interni\/#primaryimage\"},\"image\":{\"@id\":\"https:\/\/hausme.it\/blog\/vetrate-per-interni\/#primaryimage\"},\"thumbnailUrl\":\"https:\/\/hausme.it\/blog\/wp-content\/uploads\/2019\/10\/Vetrate-per-interni.jpg\",\"datePublished\":\"2019-11-11T05:32:06+00:00\",\"dateModified\":\"2025-04-10T08:28:53+00:00\",\"description\":\"Le vetrate per interni sono bellissime. Ma prima di andare da un rivenditore per installarne una nella tua ristrutturazione devi conoscere alcuni aspetti che NON sono secondari.\",\"breadcrumb\":{\"@id\":\"https:\/\/hausme.it\/blog\/vetrate-per-interni\/#breadcrumb\"},\"inLanguage\":\"en-US\",\"potentialAction\":[{\"@type\":\"ReadAction\",\"target\":[\"https:\/\/hausme.it\/blog\/vetrate-per-interni\/\"]}]},{\"@type\":\"ImageObject\",\"inLanguage\":\"en-US\",\"@id\":\"https:\/\/hausme.it\/blog\/vetrate-per-interni\/#primaryimage\",\"url\":\"https:\/\/hausme.it\/blog\/wp-content\/uploads\/2019\/10\/Vetrate-per-interni.jpg\",\"contentUrl\":\"https:\/\/hausme.it\/blog\/wp-content\/uploads\/2019\/10\/Vetrate-per-interni.jpg\",\"width\":800,\"height\":423,\"caption\":\"vetrate per interni\"},{\"@type\":\"BreadcrumbList\",\"@id\":\"https:\/\/hausme.it\/blog\/vetrate-per-interni\/#breadcrumb\",\"itemListElement\":[{\"@type\":\"ListItem\",\"position\":1,\"name\":\"Home\",\"item\":\"https:\/\/hausme.it\/blog\/\"},{\"@type\":\"ListItem\",\"position\":2,\"name\":\"Vetrate per interni: quello che devi realmente sapere prima di installarne una\"}]},{\"@type\":\"WebSite\",\"@id\":\"https:\/\/hausme.it\/blog\/#website\",\"url\":\"https:\/\/hausme.it\/blog\/\",\"name\":\"Hausme Blog\",\"description\":\"\",\"publisher\":{\"@id\":\"https:\/\/hausme.it\/blog\/#organization\"},\"alternateName\":\"Hausme Blog\",\"potentialAction\":[{\"@type\":\"SearchAction\",\"target\":{\"@type\":\"EntryPoint\",\"urlTemplate\":\"https:\/\/hausme.it\/blog\/?s={search_term_string}\"},\"query-input\":{\"@type\":\"PropertyValueSpecification\",\"valueRequired\":true,\"valueName\":\"search_term_string\"}}],\"inLanguage\":\"en-US\"},{\"@type\":\"Organization\",\"@id\":\"https:\/\/hausme.it\/blog\/#organization\",\"name\":\"Hausme Blog\",\"url\":\"https:\/\/hausme.it\/blog\/\",\"logo\":{\"@type\":\"ImageObject\",\"inLanguage\":\"en-US\",\"@id\":\"https:\/\/hausme.it\/blog\/#\/schema\/logo\/image\/\",\"url\":\"https:\/\/hausme.it\/blog\/wp-content\/uploads\/2024\/05\/logo-blog-by-hausme.png\",\"contentUrl\":\"https:\/\/hausme.it\/blog\/wp-content\/uploads\/2024\/05\/logo-blog-by-hausme.png\",\"width\":2354,\"height\":863,\"caption\":\"Hausme Blog\"},\"image\":{\"@id\":\"https:\/\/hausme.it\/blog\/#\/schema\/logo\/image\/\"}},{\"@type\":\"Person\",\"@id\":\"https:\/\/hausme.it\/blog\/#\/schema\/person\/a468c80e5fe7773e6e68d93eb08b5e2d\",\"name\":\"Alessandro Mezzina\",\"image\":{\"@type\":\"ImageObject\",\"inLanguage\":\"en-US\",\"@id\":\"https:\/\/hausme.it\/blog\/#\/schema\/person\/image\/\",\"url\":\"https:\/\/secure.gravatar.com\/avatar\/d759b3503137b412c59e9a255b18109c4a85f68b641d7dd0b6b4609d3cdab8c8?s=96&d=mm&r=g\",\"contentUrl\":\"https:\/\/secure.gravatar.com\/avatar\/d759b3503137b412c59e9a255b18109c4a85f68b641d7dd0b6b4609d3cdab8c8?s=96&d=mm&r=g\",\"caption\":\"Alessandro Mezzina\"},\"url\":\"https:\/\/hausme.it\/blog\/author\/alessandromezzina\/\"}]}<\/script>\n<!-- \/ Yoast SEO plugin. -->","yoast_head_json":{"title":"Vetrate per interni: quello che c'\u00e8 dietro la superficie e perch\u00e8 devi conoscerlo","description":"Le vetrate per interni sono bellissime. Ma prima di andare da un rivenditore per installarne una nella tua ristrutturazione devi conoscere alcuni aspetti che NON sono secondari.","robots":{"index":"index","follow":"follow","max-snippet":"max-snippet:-1","max-image-preview":"max-image-preview:large","max-video-preview":"max-video-preview:-1"},"canonical":"https:\/\/hausme.it\/blog\/vetrate-per-interni\/","og_locale":"en_US","og_type":"article","og_title":"Vetrate per interni: quello che c'\u00e8 dietro la superficie e perch\u00e8 devi conoscerlo","og_description":"Le vetrate per interni sono bellissime. Ma prima di andare da un rivenditore per installarne una nella tua ristrutturazione devi conoscere alcuni aspetti che NON sono secondari.","og_url":"https:\/\/hausme.it\/blog\/vetrate-per-interni\/","og_site_name":"Hausme Blog","article_published_time":"2019-11-11T05:32:06+00:00","article_modified_time":"2025-04-10T08:28:53+00:00","og_image":[{"width":800,"height":423,"url":"https:\/\/hausme.it\/blog\/wp-content\/uploads\/2019\/10\/Vetrate-per-interni.jpg","type":"image\/jpeg"}],"author":"Alessandro Mezzina","twitter_card":"summary_large_image","twitter_misc":{"Written by":"Alessandro Mezzina","Est. reading time":"13 minutes"},"schema":{"@context":"https:\/\/schema.org","@graph":[{"@type":"Article","@id":"https:\/\/hausme.it\/blog\/vetrate-per-interni\/#article","isPartOf":{"@id":"https:\/\/hausme.it\/blog\/vetrate-per-interni\/"},"author":{"name":"Alessandro Mezzina","@id":"https:\/\/hausme.it\/blog\/#\/schema\/person\/a468c80e5fe7773e6e68d93eb08b5e2d"},"headline":"Vetrate per interni: quello che devi realmente sapere prima di installarne una","datePublished":"2019-11-11T05:32:06+00:00","dateModified":"2025-04-10T08:28:53+00:00","mainEntityOfPage":{"@id":"https:\/\/hausme.it\/blog\/vetrate-per-interni\/"},"wordCount":2880,"commentCount":0,"publisher":{"@id":"https:\/\/hausme.it\/blog\/#organization"},"image":{"@id":"https:\/\/hausme.it\/blog\/vetrate-per-interni\/#primaryimage"},"thumbnailUrl":"https:\/\/hausme.it\/blog\/wp-content\/uploads\/2019\/10\/Vetrate-per-interni.jpg","keywords":["vetrate","vetrate per interni","vetri","vetri di sicurezza","vetri stratificati","vetri temprati"],"articleSection":["Materiali e Finiture","Prima dei lavori"],"inLanguage":"en-US","potentialAction":[{"@type":"CommentAction","name":"Comment","target":["https:\/\/hausme.it\/blog\/vetrate-per-interni\/#respond"]}]},{"@type":"WebPage","@id":"https:\/\/hausme.it\/blog\/vetrate-per-interni\/","url":"https:\/\/hausme.it\/blog\/vetrate-per-interni\/","name":"Vetrate per interni: quello che c'\u00e8 dietro la superficie e perch\u00e8 devi conoscerlo","isPartOf":{"@id":"https:\/\/hausme.it\/blog\/#website"},"primaryImageOfPage":{"@id":"https:\/\/hausme.it\/blog\/vetrate-per-interni\/#primaryimage"},"image":{"@id":"https:\/\/hausme.it\/blog\/vetrate-per-interni\/#primaryimage"},"thumbnailUrl":"https:\/\/hausme.it\/blog\/wp-content\/uploads\/2019\/10\/Vetrate-per-interni.jpg","datePublished":"2019-11-11T05:32:06+00:00","dateModified":"2025-04-10T08:28:53+00:00","description":"Le vetrate per interni sono bellissime. Ma prima di andare da un rivenditore per installarne una nella tua ristrutturazione devi conoscere alcuni aspetti che NON sono secondari.","breadcrumb":{"@id":"https:\/\/hausme.it\/blog\/vetrate-per-interni\/#breadcrumb"},"inLanguage":"en-US","potentialAction":[{"@type":"ReadAction","target":["https:\/\/hausme.it\/blog\/vetrate-per-interni\/"]}]},{"@type":"ImageObject","inLanguage":"en-US","@id":"https:\/\/hausme.it\/blog\/vetrate-per-interni\/#primaryimage","url":"https:\/\/hausme.it\/blog\/wp-content\/uploads\/2019\/10\/Vetrate-per-interni.jpg","contentUrl":"https:\/\/hausme.it\/blog\/wp-content\/uploads\/2019\/10\/Vetrate-per-interni.jpg","width":800,"height":423,"caption":"vetrate per interni"},{"@type":"BreadcrumbList","@id":"https:\/\/hausme.it\/blog\/vetrate-per-interni\/#breadcrumb","itemListElement":[{"@type":"ListItem","position":1,"name":"Home","item":"https:\/\/hausme.it\/blog\/"},{"@type":"ListItem","position":2,"name":"Vetrate per interni: quello che devi realmente sapere prima di installarne una"}]},{"@type":"WebSite","@id":"https:\/\/hausme.it\/blog\/#website","url":"https:\/\/hausme.it\/blog\/","name":"Hausme Blog","description":"","publisher":{"@id":"https:\/\/hausme.it\/blog\/#organization"},"alternateName":"Hausme Blog","potentialAction":[{"@type":"SearchAction","target":{"@type":"EntryPoint","urlTemplate":"https:\/\/hausme.it\/blog\/?s={search_term_string}"},"query-input":{"@type":"PropertyValueSpecification","valueRequired":true,"valueName":"search_term_string"}}],"inLanguage":"en-US"},{"@type":"Organization","@id":"https:\/\/hausme.it\/blog\/#organization","name":"Hausme Blog","url":"https:\/\/hausme.it\/blog\/","logo":{"@type":"ImageObject","inLanguage":"en-US","@id":"https:\/\/hausme.it\/blog\/#\/schema\/logo\/image\/","url":"https:\/\/hausme.it\/blog\/wp-content\/uploads\/2024\/05\/logo-blog-by-hausme.png","contentUrl":"https:\/\/hausme.it\/blog\/wp-content\/uploads\/2024\/05\/logo-blog-by-hausme.png","width":2354,"height":863,"caption":"Hausme Blog"},"image":{"@id":"https:\/\/hausme.it\/blog\/#\/schema\/logo\/image\/"}},{"@type":"Person","@id":"https:\/\/hausme.it\/blog\/#\/schema\/person\/a468c80e5fe7773e6e68d93eb08b5e2d","name":"Alessandro Mezzina","image":{"@type":"ImageObject","inLanguage":"en-US","@id":"https:\/\/hausme.it\/blog\/#\/schema\/person\/image\/","url":"https:\/\/secure.gravatar.com\/avatar\/d759b3503137b412c59e9a255b18109c4a85f68b641d7dd0b6b4609d3cdab8c8?s=96&d=mm&r=g","contentUrl":"https:\/\/secure.gravatar.com\/avatar\/d759b3503137b412c59e9a255b18109c4a85f68b641d7dd0b6b4609d3cdab8c8?s=96&d=mm&r=g","caption":"Alessandro Mezzina"},"url":"https:\/\/hausme.it\/blog\/author\/alessandromezzina\/"}]}},"_links":{"self":[{"href":"https:\/\/hausme.it\/blog\/wp-json\/wp\/v2\/posts\/4543","targetHints":{"allow":["GET"]}}],"collection":[{"href":"https:\/\/hausme.it\/blog\/wp-json\/wp\/v2\/posts"}],"about":[{"href":"https:\/\/hausme.it\/blog\/wp-json\/wp\/v2\/types\/post"}],"author":[{"embeddable":true,"href":"https:\/\/hausme.it\/blog\/wp-json\/wp\/v2\/users\/2"}],"replies":[{"embeddable":true,"href":"https:\/\/hausme.it\/blog\/wp-json\/wp\/v2\/comments?post=4543"}],"version-history":[{"count":2,"href":"https:\/\/hausme.it\/blog\/wp-json\/wp\/v2\/posts\/4543\/revisions"}],"predecessor-version":[{"id":15884,"href":"https:\/\/hausme.it\/blog\/wp-json\/wp\/v2\/posts\/4543\/revisions\/15884"}],"wp:featuredmedia":[{"embeddable":true,"href":"https:\/\/hausme.it\/blog\/wp-json\/wp\/v2\/media\/4564"}],"wp:attachment":[{"href":"https:\/\/hausme.it\/blog\/wp-json\/wp\/v2\/media?parent=4543"}],"wp:term":[{"taxonomy":"category","embeddable":true,"href":"https:\/\/hausme.it\/blog\/wp-json\/wp\/v2\/categories?post=4543"},{"taxonomy":"post_tag","embeddable":true,"href":"https:\/\/hausme.it\/blog\/wp-json\/wp\/v2\/tags?post=4543"}],"curies":[{"name":"wp","href":"https:\/\/api.w.org\/{rel}","templated":true}]}}